{"id":433,"date":"2011-07-06T15:14:20","date_gmt":"2011-07-06T14:14:20","guid":{"rendered":"https:\/\/www.ziiz.eus\/?p=433"},"modified":"2020-11-02T10:20:41","modified_gmt":"2020-11-02T09:20:41","slug":"castellano-pedro-alberdi","status":"publish","type":"post","link":"https:\/\/www.ziiz.eus\/es\/ontziolak\/castellano-pedro-alberdi\/","title":{"rendered":"Pedro Alberdi"},"content":{"rendered":"<p>Resumen: <b>Pedro Alberdi se dedic\u00f3 tanto a la construcci\u00f3n de nuevas embarcaciones como a tareas de calafateado. Fue uno de los precursores de la construcci\u00f3n naval contempor\u00e1nea de Zumaia. Su astillero estuvo localizado en terrenos de Arrangoleta e Iturtxo y desarroll\u00f3 su actividad, al menos, entre 1883 y 1908, a\u00f1o en el que falleci\u00f3. Sus herederos cumplimentaron los pedidos que dej\u00f3 pendientes, el a\u00f1o 1910.<\/b><\/p>\n<p><b>Historia:\u00a0<\/b>Pedro Jos\u00e9 Alberdi Aguirrezabalaga, naci\u00f3 en 1851, en Getaria. Su padre era de Getaria y la madre de Zumaia. Fue uno de los precursores de la construcci\u00f3n naval contempor\u00e1nea de Zumaia, figura en la lista de la contribuci\u00f3n industrial de 1883-84 como \u2018Constructor de lanchas\u2019<\/p>\n<p><a class=\"shutterset_\" title=\"El segundo por la derecha, Luxiano, hijo de Pedro Alberdi, en su astillero de Errenteria el a\u00f1o 1955. Aguirre Sorondo, A. (1997): \u201cLos astilleros guipuzcoanos\u201d\" href=\"https:\/\/www.ziiz.eus\/wp-content\/gallery\/pedro-alberdi\/luxiano-alberdi-001.jpg\" data-image-id=\"1367\" data-src=\"https:\/\/www.ziiz.eus\/wp-content\/gallery\/pedro-alberdi\/luxiano-alberdi-001.jpg\" data-thumbnail=\"https:\/\/www.ziiz.eus\/wp-content\/gallery\/pedro-alberdi\/thumbs\/thumbs_luxiano-alberdi-001.jpg\" data-title=\"luxiano-alberdi-001\" data-description=\" \"><img loading=\"lazy\" decoding=\"async\" class=\"ngg-singlepic ngg-none alignleft\" style=\"margin: 10px;\" src=\"https:\/\/www.ziiz.eus\/wp-content\/gallery\/pedro-alberdi\/thumbs\/thumbs_luxiano-alberdi-001.jpg\" alt=\"luxiano-alberdi-001\" width=\"198\" height=\"135\" \/><\/a><a id=\"tippy_tip15_680_anchor\"><\/a> <div class=\"tippy\" data-title=\"16\" data-href=\"https:\/\/www.ziiz.eus\/es\/ontziolak\/castellano-pedro-alberdi\/#foot_text_433_16\" data-class=\"annie_footnoteRef annie_custom\" data-name=\"foot_loc_433_16\" data-showheader=\"\" data-anchor=\"#tippy_tip15_680_anchor\" >ZAH. Sig. 138.01<\/div>\u00a0y se dedic\u00f3 tanto a la construcci\u00f3n de nuevas embarcaciones como a tareas de calafateado. Tras su fallecimiento en el a\u00f1o 1908 fueron sus herederos quienes se encargaron de cumplimentar los pedidos que dej\u00f3 pendientes. Su \u00fanico hijo var\u00f3n, Luciano, al quedarse hu\u00e9rfano a los 13 a\u00f1os, tuvo que ir a vivir con otras familias a Pasai Donibane, Pasai San Pedro y Orio. Despues de trabajar como asalariado en diferentes carpinter\u00edas y astilleros, abri\u00f3 un astillero en colaboraci\u00f3n de sus tres hijos varones en Errenteria; que ser\u00eda conocido como el <i>Astillero<\/i> <em>Luxiano<\/em>.<a id=\"tippy_tip16_4894_anchor\"><\/a> <div class=\"tippy\" data-title=\"17\" data-href=\"https:\/\/www.ziiz.eus\/es\/ontziolak\/castellano-pedro-alberdi\/#foot_text_433_17\" data-class=\"annie_footnoteRef annie_custom\" data-name=\"foot_loc_433_17\" data-showheader=\"\" data-anchor=\"#tippy_tip16_4894_anchor\" >Aguirre Sorondo, A., (1997):<b>\u00a0\u201c<\/b>Los astilleros guipuzcoanos\u201d, Eusko Ikaskuntza, p\u00e1gs. 172-174<\/div><a title=\"\" href=\"file:\/\/\/C:\/Users\/PMEtxabe\/Documents\/ZIIZ\/ZIIZ-Zentroa\/Web%20gunea\/Testuak\/Itsasontzigintza\/PEDRO%20ALBERDI-cas.doc#_edn2\"><br \/>\n<\/a><\/p>\n<p><b>Caracter\u00edsticas y producci\u00f3n: <\/b>La primera referencia que disponemos de un barco construido por Pedro Alberdi es de finales de 1891, cuando estaba terminando de construir \u201cun buque para una casa armadora de esta villa (se refiere a Zumaia) y llevar\u00e1 aparejo de pailebot y tendr\u00e1 90 toneladas de porte<a id=\"tippy_tip17_1885_anchor\"><\/a> <div class=\"tippy\" data-title=\"18\" data-href=\"https:\/\/www.ziiz.eus\/es\/ontziolak\/castellano-pedro-alberdi\/#foot_text_433_18\" data-class=\"annie_footnoteRef annie_custom\" data-name=\"foot_loc_433_18\" data-showheader=\"\" data-anchor=\"#tippy_tip17_1885_anchor\" >Diario \u201cLa Voz de Guipuzcoa\u201d, Donostia, 16 de noviembre de 1891.<\/div><\/p>\n<p>A principios de 1894, construy\u00f3 el pailebot \u201cSan Juan Bautista\u201d, encargado por Tiburcio Beobide Echaniz, profesor de profesi\u00f3n, como \u00fanico armador. Ten\u00eda 23 toneladas de carga, seg\u00fan arqueo, ascendiendo su coste, incluido el aparejo, a 9.000 pesetas.<a id=\"tippy_tip18_9186_anchor\"><\/a> <div class=\"tippy\" data-title=\"19\" data-href=\"https:\/\/www.ziiz.eus\/es\/ontziolak\/castellano-pedro-alberdi\/#foot_text_433_19\" data-class=\"annie_footnoteRef annie_custom\" data-name=\"foot_loc_433_19\" data-showheader=\"\" data-anchor=\"#tippy_tip18_9186_anchor\" >GPAH24034<\/div><\/p>\n<p>El mismo a\u00f1o de 1894 construy\u00f3 la balandra \u201cPur\u00edsima Concepci\u00f3n\u201d. El casco era de madera de roble, de 19,63 m. de eslora, 4,47 m. de manga y 1,65 m. de puntal, de 23,80 toneladas, siendo los propietarios Jos\u00e9 Luis Corta, Estanislao Echave, ambos socios de Corta y Compa\u00f1\u00eda, y Santiago Beristain, todos ellos vecinos de Zumaia.<a class=\"shutterset_\" title=\" Sada ex Nuevo Juli\u00e1n. Construido en Zumaia en 1905. Posiblemente construido por Pedro Alberdi. E. Pu\u00f1al Y J.R. Varela, Barcos antiguos de Corme\" href=\"https:\/\/www.ziiz.eus\/wp-content\/gallery\/pedro-alberdi\/sada_ex-nuevo-julian-1905_construido-en-zumaya.jpg\" data-image-id=\"1368\" data-src=\"https:\/\/www.ziiz.eus\/wp-content\/gallery\/pedro-alberdi\/sada_ex-nuevo-julian-1905_construido-en-zumaya.jpg\" data-thumbnail=\"https:\/\/www.ziiz.eus\/wp-content\/gallery\/pedro-alberdi\/thumbs\/thumbs_sada_ex-nuevo-julian-1905_construido-en-zumaya.jpg\" data-title=\"sada_ex-nuevo-julian-1905_construido-en-zumaya\" data-description=\" \"><img loading=\"lazy\" decoding=\"async\" class=\"ngg-singlepic ngg-none alignright\" style=\"margin: 10px;\" src=\"https:\/\/www.ziiz.eus\/wp-content\/gallery\/pedro-alberdi\/thumbs\/thumbs_sada_ex-nuevo-julian-1905_construido-en-zumaya.jpg\" alt=\"sada_ex-nuevo-julian-1905_construido-en-zumaya\" width=\"200\" height=\"147\" \/><\/a><a id=\"tippy_tip19_4432_anchor\"><\/a> <div class=\"tippy\" data-title=\"20\" data-href=\"https:\/\/www.ziiz.eus\/es\/ontziolak\/castellano-pedro-alberdi\/#foot_text_433_20\" data-class=\"annie_footnoteRef annie_custom\" data-name=\"foot_loc_433_20\" data-showheader=\"\" data-anchor=\"#tippy_tip19_4432_anchor\" >Figura en el testamento de Jos\u00e9 Luis Corta, otorgado el 26 de abril de 1895, ante el Notario de Zumaia, Francisco Otermin. AHPG<\/div><\/p>\n<p>Seguramente, el autor de una cr\u00f3nica publicada en agosto de 1897 en un diario donostiarra, se refer\u00eda a Pedro Alberdi cuando escrib\u00eda que \u201c(\u2026) <em>no lejos de la f\u00e1brica de yutes que se est\u00e1 construyendo en el muelle<\/em>, <em>est\u00e1 el astillero del que puede decirse que tuvo un origen humild\u00edsimo y que ahora va desarroll\u00e1ndose y poni\u00e9ndose en condiciones de no ser una cosa de menor cuant\u00eda. Comenz\u00f3 por construir lanchas y lanchones de esos que se conocen con el nombre de pleiteros (lanchas fleteras)<\/em><a id=\"tippy_tip20_5517_anchor\"><\/a> <div class=\"tippy\" data-title=\"21\" data-href=\"https:\/\/www.ziiz.eus\/es\/ontziolak\/castellano-pedro-alberdi\/#foot_text_433_21\" data-class=\"annie_footnoteRef annie_custom\" data-name=\"foot_loc_433_21\" data-showheader=\"\" data-anchor=\"#tippy_tip20_5517_anchor\" >\u201cLas lanchas fleteras vascas nacen de la adaptaci\u00f3n de las lanchas de pesca para el transporte. Durante siglos, y hasta la desaparici\u00f3n de ambas a ra\u00edz de la motorizaci\u00f3n, han compartido la misma tipolog\u00eda. La lancha fletera difer\u00eda por disponer de un espacio interior despejado de bancadas para facilitar la estiba. Por otro lado, en muchos casos tambi\u00e9n sol\u00edan ser de mayor arqueo, aunque eran tripuladas por unas cinco personas aproximadamente.\u201d\u00a0 Agote Aizpurua, X. (2009): \u201cGure itsasontziak\u201d. Bertan 23<\/div><em>\u00a0y que ahora van pasando ya casi a la historia<\/em>; <em>m\u00e1s tarde emprendi\u00f3 con embarcaciones de tonelaje m\u00e1s respetable y ahora est\u00e1 dando los \u00faltimos toques a un barco que ser\u00e1 de lo mayorcito que se mete por estos contornos\u201d<\/em><em>.<\/em><a id=\"tippy_tip21_1161_anchor\"><\/a> <div class=\"tippy\" data-title=\"22\" data-href=\"https:\/\/www.ziiz.eus\/es\/ontziolak\/castellano-pedro-alberdi\/#foot_text_433_22\" data-class=\"annie_footnoteRef annie_custom\" data-name=\"foot_loc_433_22\" data-showheader=\"\" data-anchor=\"#tippy_tip21_1161_anchor\" >\u00a0Diario \u00a0\u201cLa Uni\u00f3n Vascongada\u201d, Donostia,16 de agosto de 1897<\/div><a title=\"\" href=\"file:\/\/\/C:\/Users\/PMEtxabe\/Documents\/ZIIZ\/ZIIZ-Zentroa\/Web%20gunea\/Testuak\/Itsasontzigintza\/PEDRO%20ALBERDI-cas.doc#_edn4\"><br \/>\n<\/a><\/p>\n<p>Parece muy probable que el mencionado barco fuese el \u201cSan Telmo\u201d, construido por Pedro Alberdi para la f\u00e1brica de cemento Corta y Compa\u00f1\u00eda, cuya botadura tuvo lugar el 24 de diciembre, de 1897, seg\u00fan se relata en otra cr\u00f3nica del precitado diario, donde se dice que era<a class=\"shutterset_\" title=\" Arrangoleta e Iturtxo fueron las localizaciones del astillero de Pedro Alberdi.\" href=\"https:\/\/www.ziiz.eus\/wp-content\/gallery\/pedro-alberdi\/astilleros-ondartxo-zumaia-001-2w.jpg\" data-image-id=\"1436\" data-src=\"https:\/\/www.ziiz.eus\/wp-content\/gallery\/pedro-alberdi\/astilleros-ondartxo-zumaia-001-2w.jpg\" data-thumbnail=\"https:\/\/www.ziiz.eus\/wp-content\/gallery\/pedro-alberdi\/thumbs\/thumbs_astilleros-ondartxo-zumaia-001-2w.jpg\" data-title=\"astilleros-ondartxo-zumaia-001-2w\" data-description=\" \"><img loading=\"lazy\" decoding=\"async\" class=\"ngg-singlepic ngg-none alignleft\" style=\"margin: 10px;\" src=\"https:\/\/www.ziiz.eus\/wp-content\/gallery\/pedro-alberdi\/thumbs\/thumbs_astilleros-ondartxo-zumaia-001-2w.jpg\" alt=\"astilleros-ondartxo-zumaia-001-2w\" width=\"200\" height=\"123\" \/><\/a> <em>\u201c(\u2026) la embarcaci\u00f3n mayor que se ha construido en estos astilleros; embarcaci\u00f3n, seg\u00fan dicen los t\u00e9cnicos, de muy buenas condiciones marineras.\u201d<\/em><em> La botadura se verific\u00f3 sobre las tres y media de la tarde, siendo el p\u00e1rroco D. Manuel G. de Beovide el encargado de la bendici\u00f3n del barco.\u00bb <\/em>El cronista, refiri\u00e9ndose a Pedro Alberdi dice <em>\u201c(\u2026) quien con aspiraciones modest\u00edsimas ha conseguido establecer en este puerto una peque\u00f1a industria, que quiz\u00e1 llegue a alcanzar el d\u00eda de ma\u00f1ana suma importancia.<\/em><em>\u201d<\/em><a id=\"tippy_tip22_3352_anchor\"><\/a> <div class=\"tippy\" data-title=\"23\" data-href=\"https:\/\/www.ziiz.eus\/es\/ontziolak\/castellano-pedro-alberdi\/#foot_text_433_23\" data-class=\"annie_footnoteRef annie_custom\" data-name=\"foot_loc_433_23\" data-showheader=\"\" data-anchor=\"#tippy_tip22_3352_anchor\" >Diario \u00a0\u201cLa Uni\u00f3n Vascongada\u201d, Donostia,\u00a028 de diciembre de 1897<\/div><a title=\"\" href=\"file:\/\/\/C:\/Users\/PMEtxabe\/Documents\/ZIIZ\/ZIIZ-Zentroa\/Web%20gunea\/Testuak\/Itsasontzigintza\/PEDRO%20ALBERDI-cas.doc#_edn5\"><br \/>\n<\/a><\/p>\n<p>En una posterior cr\u00f3nica del citado diario se dan las caracter\u00edsticas del<em> \u201cSan Telmo\u201d: <\/em><em>\u201cTiene una quilla de 73 pies, manga 22 pies y 3 pulgadas, y puntal de 10,50 pies. El aparejo ser\u00e1 de goleta<\/em><em>.\u201d<\/em><a id=\"tippy_tip23_5198_anchor\"><\/a> <div class=\"tippy\" data-title=\"24\" data-href=\"https:\/\/www.ziiz.eus\/es\/ontziolak\/castellano-pedro-alberdi\/#foot_text_433_24\" data-class=\"annie_footnoteRef annie_custom\" data-name=\"foot_loc_433_24\" data-showheader=\"\" data-anchor=\"#tippy_tip23_5198_anchor\" >Diario \u00a0\u201cLa Uni\u00f3n Vascongada\u201d, Donostia,\u00a05 de enero de 1898<\/div><a title=\"\" href=\"file:\/\/\/C:\/Users\/PMEtxabe\/Documents\/ZIIZ\/ZIIZ-Zentroa\/Web%20gunea\/Testuak\/Itsasontzigintza\/PEDRO%20ALBERDI-cas.doc#_edn6\"><br \/>\n<\/a><\/p>\n<p>El 20 de diciembre de 1899, Pedro Alberdi solicita permiso, a la \u2018Comisi\u00f3n provincial de Guipuzcoa\u2019, \u201c<em>para trasladar el astillero de Arrangoleta al terreno saneado que se halla junto al estribo derecho del puente sobre el r\u00edo Urola<\/em><em>\u201d<\/em><i>.<\/i><a id=\"tippy_tip24_2302_anchor\"><\/a> <div class=\"tippy\" data-title=\"25\" data-href=\"https:\/\/www.ziiz.eus\/es\/ontziolak\/castellano-pedro-alberdi\/#foot_text_433_25\" data-class=\"annie_footnoteRef annie_custom\" data-name=\"foot_loc_433_25\" data-showheader=\"\" data-anchor=\"#tippy_tip24_2302_anchor\" >ZAH, Sig. 64.11<\/div>\u00a0Pero no debi\u00f3 producirse dicho cambio de ubicaci\u00f3n puesto que el mes de enero de 1901 solicit\u00f3 al ayuntamiento \u201c<em>autorizaci\u00f3n para trasladar la tejavana de su propiedad existente en su antiguo astillero de Arrangoleta a los terrenos saneados que existen entre la escollera y Camino del Faro, para emplazar nuevo astillero\u201d<\/em><em>.<\/em><a id=\"tippy_tip25_5987_anchor\"><\/a> <div class=\"tippy\" data-title=\"26\" data-href=\"https:\/\/www.ziiz.eus\/es\/ontziolak\/castellano-pedro-alberdi\/#foot_text_433_26\" data-class=\"annie_footnoteRef annie_custom\" data-name=\"foot_loc_433_26\" data-showheader=\"\" data-anchor=\"#tippy_tip25_5987_anchor\" >ZAH, SIG. 2829, 71R-72R<\/div><em>\u00a0<\/em>Seg\u00fan figura en el acta de la reuni\u00f3n del cabildo municipal del 31 de enero de 1901<em>\u00a0<\/em><em>\u00abLa Comisi\u00f3n de Obras designa el lugar, marcado con estacas, donde debe trasladarse la tejavana del constructor de barcos Dn. Pedro Alberdi, en los terrenos saneados de Iturcho; decir que cuando al Ayuntamiento le convenga librar dicho terreno, el Sr. Alberdi levantar\u00e1 a sus expensas el terreno<\/em><em>\u00ab<\/em><a id=\"tippy_tip26_6086_anchor\"><\/a> <div class=\"tippy\" data-title=\"27\" data-href=\"https:\/\/www.ziiz.eus\/es\/ontziolak\/castellano-pedro-alberdi\/#foot_text_433_27\" data-class=\"annie_footnoteRef annie_custom\" data-name=\"foot_loc_433_27\" data-showheader=\"\" data-anchor=\"#tippy_tip26_6086_anchor\" >ZAH, SIG. 2829, 80R-81R<\/div><em>\u00a0<\/em><\/p>\n<p>En una fecha anterior al 31 de julio de 1903, Pedro Alberdi construy\u00f3 un vaporcito de pesca con el nombre \u201cZumaya n\u00famero uno\u201d por encargo de Tom\u00e1s Eizaguirre Echave, Lino Ostolaza, Jos\u00e9 Antonio Echave y Cipriano Oliden, cediendo el primero de \u00e9stos la mitad de\u00a0su participaci\u00f3n a favor de Graci\u00e1n Alberdi Aranguren, seg\u00fan consta en la escritura p\u00fablica otorgada ante el notario de Zumaia, Francisco Otermin, en la fecha se\u00f1alada.<a class=\"shutterset_\" title=\"El Urda pudo ser un vapor como el de la foto\" href=\"https:\/\/www.ziiz.eus\/wp-content\/gallery\/pedro-alberdi\/xx-1910_urda-agian.jpg\" data-image-id=\"1369\" data-src=\"https:\/\/www.ziiz.eus\/wp-content\/gallery\/pedro-alberdi\/xx-1910_urda-agian.jpg\" data-thumbnail=\"https:\/\/www.ziiz.eus\/wp-content\/gallery\/pedro-alberdi\/thumbs\/thumbs_xx-1910_urda-agian.jpg\" data-title=\"xx-1910_urda-agian\" data-description=\" \"><img loading=\"lazy\" decoding=\"async\" class=\"ngg-singlepic ngg-none alignright\" style=\"margin: 10px;\" src=\"https:\/\/www.ziiz.eus\/wp-content\/gallery\/pedro-alberdi\/thumbs\/thumbs_xx-1910_urda-agian.jpg\" alt=\"xx-1910_urda-agian\" width=\"200\" height=\"133\" \/><\/a><a id=\"tippy_tip27_3713_anchor\"><\/a> <div class=\"tippy\" data-title=\"28\" data-href=\"https:\/\/www.ziiz.eus\/es\/ontziolak\/castellano-pedro-alberdi\/#foot_text_433_28\" data-class=\"annie_footnoteRef annie_custom\" data-name=\"foot_loc_433_28\" data-showheader=\"\" data-anchor=\"#tippy_tip27_3713_anchor\" >GPAH24368_A_080<\/div><\/p>\n<p>Asimismo, el 15 de enero de 1903, fue botado al agua en estos astilleros la goleta de nombre \u201cPiedad\u201d, siendo escriturada, el 21 de agosto del mismo a\u00f1o, su venta en la misma notar\u00eda de Zumaia, por parte de Pedro Alberdi, a Jos\u00e9 Mar\u00eda Olaizola Echave que actuaba como apoderado de Remigio de Alzaga y Arruza, de Bilbao.<a id=\"tippy_tip28_2312_anchor\"><\/a> <div class=\"tippy\" data-title=\"29\" data-href=\"https:\/\/www.ziiz.eus\/es\/ontziolak\/castellano-pedro-alberdi\/#foot_text_433_29\" data-class=\"annie_footnoteRef annie_custom\" data-name=\"foot_loc_433_29\" data-showheader=\"\" data-anchor=\"#tippy_tip28_2312_anchor\" >El buque fue\u00a0<i>\u201c(\u2026) arqueado por el perito arqueador de la Provincia mar\u00edtima de San Sebastian, D. Sebasti\u00e1n Camio (\u2026)\u201d<\/i>\u00a0\u00a0y sus dimensiones eran las siguientes: 23,61 metros de eslora, 6,66 metros de manga y 2,83 metros de puntal. Ten\u00eda un tonelaje bruto de 99,03 toneladas y el aparejo era de goleta de dos palos, a vela.\u00a0<i>\u201cEl coste del buque con su aparejo velamen, pertrechos y dem\u00e1s efectos que tiene asciende a cuarenta y siete mil quinientas setenta y cinco pesetas (\u2026)\u201d.<\/i> GPAH24368_A_095<\/div><\/p>\n<p>El a\u00f1o 1908 construy\u00f3 dos barcos de 2,52 toneladas y realiz\u00f3 el carenado de otras diez embarcaciones que hac\u00edan un total de 754 toneladas. Tras el fallecimiento de Pedro Jos\u00e9 Alberdi sus herederos se encargaron de cumplimentar los pedidos que dej\u00f3 pendientes y as\u00ed el a\u00f1o 1910 botaron el barco denominado \u2018Urda\u2019, de 9,04 toneladas, el primero construido en Zumaia de propulsi\u00f3n mec\u00e1nica,<a id=\"tippy_tip29_8692_anchor\"><\/a> <div class=\"tippy\" data-title=\"30\" data-href=\"https:\/\/www.ziiz.eus\/es\/ontziolak\/castellano-pedro-alberdi\/#foot_text_433_30\" data-class=\"annie_footnoteRef annie_custom\" data-name=\"foot_loc_433_30\" data-showheader=\"\" data-anchor=\"#tippy_tip29_8692_anchor\" >Odriozola, L. (2002): \u201cEstudio hist\u00f3rico del Puerto de Zumaia\u201d, p\u00e1g. 256<\/div>probablemente equipado con una m\u00e1quina de vapor de <i>Eraso y Compa\u00f1\u00eda<\/i>, ya que era \u00e9sta la empresa armadora.<\/p>\n<div>\n<div>\n<p><a title=\"\" href=\"file:\/\/\/C:\/Users\/PMEtxabe\/Documents\/ZIIZ\/ZIIZ-Zentroa\/Web%20gunea\/Testuak\/Itsasontzigintza\/PEDRO%20ALBERDI-cas.doc#_ednref1\">\u00a0<\/a><\/p>\n<\/div>\n<\/div>\n<p><\/p>","protected":false},"excerpt":{"rendered":"<p>Resumen: Pedro Alberdi se dedic\u00f3 tanto a la construcci\u00f3n de nuevas embarcaciones como a tareas de calafateado. Fue uno de los precursores de la construcci\u00f3n naval contempor\u00e1nea de Zumaia. Su astillero estuvo localizado en terrenos de Arrangoleta e Iturtxo y desarroll\u00f3 su actividad, al menos, entre 1883 y 1908, a\u00f1o en el que falleci\u00f3. Sus [&hellip;]<\/p>\n","protected":false},"author":2,"featured_media":2860,"comment_status":"closed","ping_status":"open","sticky":false,"template":"","format":"standard","meta":{"_monsterinsights_skip_tracking":false,"_monsterinsights_sitenote_active":false,"_monsterinsights_sitenote_note":"","_monsterinsights_sitenote_category":0,"ngg_post_thumbnail":0,"footnotes":""},"categories":[3],"tags":[],"_links":{"self":[{"href":"https:\/\/www.ziiz.eus\/es\/wp-json\/wp\/v2\/posts\/433"}],"collection":[{"href":"https:\/\/www.ziiz.eus\/es\/wp-json\/wp\/v2\/posts"}],"about":[{"href":"https:\/\/www.ziiz.eus\/es\/wp-json\/wp\/v2\/types\/post"}],"author":[{"embeddable":true,"href":"https:\/\/www.ziiz.eus\/es\/wp-json\/wp\/v2\/users\/2"}],"replies":[{"embeddable":true,"href":"https:\/\/www.ziiz.eus\/es\/wp-json\/wp\/v2\/comments?post=433"}],"version-history":[{"count":87,"href":"https:\/\/www.ziiz.eus\/es\/wp-json\/wp\/v2\/posts\/433\/revisions"}],"predecessor-version":[{"id":6085,"href":"https:\/\/www.ziiz.eus\/es\/wp-json\/wp\/v2\/posts\/433\/revisions\/6085"}],"wp:featuredmedia":[{"embeddable":true,"href":"https:\/\/www.ziiz.eus\/es\/wp-json\/wp\/v2\/media\/2860"}],"wp:attachment":[{"href":"https:\/\/www.ziiz.eus\/es\/wp-json\/wp\/v2\/media?parent=433"}],"wp:term":[{"taxonomy":"category","embeddable":true,"href":"https:\/\/www.ziiz.eus\/es\/wp-json\/wp\/v2\/categories?post=433"},{"taxonomy":"post_tag","embeddable":true,"href":"https:\/\/www.ziiz.eus\/es\/wp-json\/wp\/v2\/tags?post=433"}],"curies":[{"name":"wp","href":"https:\/\/api.w.org\/{rel}","templated":true}]}}