{"id":1014,"date":"2013-05-03T08:24:24","date_gmt":"2013-05-03T07:24:24","guid":{"rendered":"https:\/\/www.ziiz.eus\/?p=1014"},"modified":"2016-12-23T14:47:39","modified_gmt":"2016-12-23T13:47:39","slug":"olaizola-y-compania","status":"publish","type":"post","link":"https:\/\/www.ziiz.eus\/es\/zementugintza\/olaizola-y-compania\/","title":{"rendered":"Olaizola y Compa\u00f1\u00eda"},"content":{"rendered":"<p>Resumen<b>: Los or\u00edgenes de esta f\u00e1brica de cementos, de Oikia, se situan entre 1850 y 1855, en la antigua ferrer\u00eda de Igartza, propiedad del Conde de Villafranca. <i>Garchotenea y Compa\u00f1\u00eda<\/i>, <i>Pedro Olave y Compa\u00f1\u00eda,<\/i> y <i>Olaizola y Compa\u00f1\u00eda<\/i>, fueron las principales sociedades que explotaron la f\u00e1brica a lo largo de sus sesenta a\u00f1os de existencia. Hacia 1915, probablemente, finalizaron las actividades de la f\u00e1brica.<\/b><\/p>\n<p><b>Historia: <\/b><\/p>\n<p>La f\u00e1brica, propiedad de C\u00e1ndido Gaytan de Ayala y Areyzaga, Conde de Villafranca, se estableci\u00f3 <i>\u201cen el Valle de Oiquina y sitio llamado de Igarza, en lo que fue molino y ferrer\u00eda del mismo nombre\u201d<\/i>, junto al puente que cruza al rio Urola, cerca de los caser\u00edos \u201cOlalde\u201d y \u201cUrtzaile\u201d, del molino de Errota Berri y de donde estuvo el palacio de Igartza. El inicio de su actividad cementera puede situarse entre 1850 y 1855, tal y como se se\u00f1ala en una publicaci\u00f3n de 1904,<a id=\"tippy_tip27_7565_anchor\"><\/a> <div class=\"tippy\" data-title=\"28\" data-href=\"https:\/\/www.ziiz.eus\/es\/zementugintza\/olaizola-y-compania\/#foot_text_1014_28\" data-class=\"annie_footnoteRef annie_custom\" data-name=\"foot_loc_1014_28\" data-showheader=\"\" data-anchor=\"#tippy_tip27_7565_anchor\" >BNE, Revista \u201cLa Construcci\u00f3n Moderna\u201d, 29 de febrero de 1904, Gran f\u00e1brica de cemento natural de fraguado r\u00e1pido de los Sres. Olaizola y Compa\u00f1\u00eda, (Oiquina) Zumaya p\u00e1gs. 95-97.<\/div>\u00a0y por la participaci\u00f3n de la f\u00e1brica de \u201cOiquina\u201d en un acuerdo entre fabricantes, del a\u00f1o 1853, para el suministro de cemento al Canal Isabel II de Madrid.<a class=\"shutterset_\" title=\" Recreaci\u00f3n de la ferrer\u00eda de Igarza. Por Daniel Carballo\" href=\"https:\/\/www.ziiz.eus\/wp-content\/gallery\/olaizola-y-compania\/ferreria-de-igartza-002-oikia-zumaia-dibujo-daniel-carballo-x.jpg\" data-image-id=\"1508\" data-src=\"https:\/\/www.ziiz.eus\/wp-content\/gallery\/olaizola-y-compania\/ferreria-de-igartza-002-oikia-zumaia-dibujo-daniel-carballo-x.jpg\" data-thumbnail=\"https:\/\/www.ziiz.eus\/wp-content\/gallery\/olaizola-y-compania\/thumbs\/thumbs_ferreria-de-igartza-002-oikia-zumaia-dibujo-daniel-carballo-x.jpg\" data-title=\"ferreria-de-igartza-002-oikia-zumaia-dibujo-daniel-carballo-x\" data-description=\" \"><img loading=\"lazy\" decoding=\"async\" class=\"ngg-singlepic ngg-left alignleft\" style=\"margin: 10px;\" src=\"https:\/\/www.ziiz.eus\/wp-content\/gallery\/olaizola-y-compania\/thumbs\/thumbs_ferreria-de-igartza-002-oikia-zumaia-dibujo-daniel-carballo-x.jpg\" alt=\"ferreria-de-igartza-002-oikia-zumaia-dibujo-daniel-carballo-x\" width=\"200\" height=\"121\" \/><\/a><\/p>\n<p>Aunque no sabemos con qu\u00e9 socios o colaboradores pudo contar el Conde para acometer la fabricaci\u00f3n de cemento, fueron Graci\u00e1n Celaya y Juan Bautista Alberdi los que, el a\u00f1o 1859, contrataron a los hermanos Francisco y Jos\u00e9 Mart\u00edn Leizaola, la realizaci\u00f3n de unas obras en la ferrer\u00eda de Errotaberri (sic) <i>\u201cpara poner al corriente la maquinaria\u201d<\/i>, que entre otras comprend\u00edan una rueda hidr\u00e1ulica, engranajes y una compuerta, con un presupuesto de 27.496 reales y un plazo de ejecuci\u00f3n de cuatro meses.<a id=\"tippy_tip28_6072_anchor\"><\/a> <div class=\"tippy\" data-title=\"29\" data-href=\"https:\/\/www.ziiz.eus\/es\/zementugintza\/olaizola-y-compania\/#foot_text_1014_29\" data-class=\"annie_footnoteRef annie_custom\" data-name=\"foot_loc_1014_29\" data-showheader=\"\" data-anchor=\"#tippy_tip28_6072_anchor\" >GPAH24192<\/div><\/p>\n<p>Probablemente, despu\u00e9s de la experiencia adquirida los a\u00f1os precedentes y tras la realizaci\u00f3n de las obras de acondicionamiento de las instalaciones, decidieron establecer un convenio, el a\u00f1o 1860, entre el Conde de Villafranca de Gayt\u00e1n, Graci\u00e1n Celaya y Juan Bautista Alberdi, para la constituci\u00f3n de una sociedad con el objeto de destinar la vieja ferrer\u00eda de Oikia a la fabricaci\u00f3n de cal hidr\u00e1ulica.<a id=\"tippy_tip29_3468_anchor\"><\/a> <div class=\"tippy\" data-title=\"30\" data-href=\"https:\/\/www.ziiz.eus\/es\/zementugintza\/olaizola-y-compania\/#foot_text_1014_30\" data-class=\"annie_footnoteRef annie_custom\" data-name=\"foot_loc_1014_30\" data-showheader=\"\" data-anchor=\"#tippy_tip29_3468_anchor\" >Archivo del Conde de Villafranca de Gayt\u00e1n.<\/div><\/p>\n<p>En a\u00f1os posteriores, al menos hasta 1883, la sociedad gir\u00f3 a nombre de <i>Garchotenea y Compa\u00f1\u00eda<\/i>, tal y como aparece en diferentes documentos, como en la \u201cHistoria general de Guip\u00fazcoa\u201d,<a id=\"tippy_tip30_2299_anchor\"><\/a> <div class=\"tippy\" data-title=\"31\" data-href=\"https:\/\/www.ziiz.eus\/es\/zementugintza\/olaizola-y-compania\/#foot_text_1014_31\" data-class=\"annie_footnoteRef annie_custom\" data-name=\"foot_loc_1014_31\" data-showheader=\"\" data-anchor=\"#tippy_tip30_2299_anchor\" >Nicolas Soraluce (1870): \u201cHistoria general de Guipuzcoa\u201d<\/div>\u00a0del a\u00f1o 1870 y en algunas escrituras notariales de los a\u00f1os 1883 y 1885, una de ellas la de la formaci\u00f3n de la Liga de fabricantes de cemento hidr\u00e1ulico, el a\u00f1o 1883. Tambi\u00e9n tenemos referencias del a\u00f1o 1871, de actuaciones de Sebasti\u00e1n Garchotenea y Manuel Jucler en calidad de representante y gerente, de la f\u00e1brica \u201cOiquina\u201d, respectivamente.<a id=\"tippy_tip31_3972_anchor\"><\/a> <div class=\"tippy\" data-title=\"32\" data-href=\"https:\/\/www.ziiz.eus\/es\/zementugintza\/olaizola-y-compania\/#foot_text_1014_32\" data-class=\"annie_footnoteRef annie_custom\" data-name=\"foot_loc_1014_32\" data-showheader=\"\" data-anchor=\"#tippy_tip31_3972_anchor\" >Z.A.H. Sig. 136.04<\/div><a class=\"shutterset_\" title=\" Membrete de una carta de la empresa de 1897. Zestoako UAH\" href=\"https:\/\/www.ziiz.eus\/wp-content\/gallery\/olaizola-y-compania\/olaizola-y-cia-1879-membrete-tb.jpg\" data-image-id=\"1573\" data-src=\"https:\/\/www.ziiz.eus\/wp-content\/gallery\/olaizola-y-compania\/olaizola-y-cia-1879-membrete-tb.jpg\" data-thumbnail=\"https:\/\/www.ziiz.eus\/wp-content\/gallery\/olaizola-y-compania\/thumbs\/thumbs_olaizola-y-cia-1879-membrete-tb.jpg\" data-title=\"olaizola-y-cia-1879-membrete-tb\" data-description=\" \"><img loading=\"lazy\" decoding=\"async\" class=\"ngg-singlepic ngg-none alignright\" style=\"margin: 10px;\" src=\"https:\/\/www.ziiz.eus\/wp-content\/gallery\/olaizola-y-compania\/thumbs\/thumbs_olaizola-y-cia-1879-membrete-tb.jpg\" alt=\"olaizola-y-cia-1879-membrete-tb\" width=\"125\" height=\"150\" \/><\/a><\/p>\n<p>Tras varios cambios en la composici\u00f3n societaria, el a\u00f1o 1890 se constituye una nueva sociedad, liquidando la anterior. Si bien en el censo de la contribuci\u00f3n industrial, de Zumaia, de 1883-1884 ya figuraba a nombre de <i>Pedro Olave y socios<\/i>, es en 1890, cuando se constituye la sociedad comanditaria denominada <i>Pedro Olave y Compa\u00f1\u00eda<\/i>, figurando como socios\u00a0 Pedro Olave Beristain, propietario, vecino de Deba, con el 28% del capital, Juan Ignacio Arregi Odria, vecino de Azpeitia, con el 17%, Juan Jos\u00e9 Celaya San Miguel, m\u00e9dico, natural de Azpeitia y vecino de Donostia, con el 33% y Graci\u00e1n Alberdi Aranguren, vecino de Urretxu, industrial con el 22%. En esa fecha, es Leonor Gayt\u00e1n de Ayala y Jusu\u00e9, hija del Conde de Villafranca y esposa de C\u00e1ndido Orbe y Gayt\u00e1n de Ayala, la que figura como propietaria de la f\u00e1brica. Nombraron a Pedro Olave como gerente, con una retribuci\u00f3n de 1.500 pesetas anuales.<a id=\"tippy_tip32_8119_anchor\"><\/a> <div class=\"tippy\" data-title=\"33\" data-href=\"https:\/\/www.ziiz.eus\/es\/zementugintza\/olaizola-y-compania\/#foot_text_1014_33\" data-class=\"annie_footnoteRef annie_custom\" data-name=\"foot_loc_1014_33\" data-showheader=\"\" data-anchor=\"#tippy_tip32_8119_anchor\" >\u00a0GPAH 23855<\/div><\/p>\n<p>Graci\u00e1n Alberdi Aranguren deja la sociedad, en 1900, para fundar una nueva f\u00e1brica en Arroa Behea, y el 8 de julio de dicho a\u00f1o se produce un nuevo cambio, transform\u00e1ndose en <i>Olaizola y Compa\u00f1\u00eda<\/i>, sociedad colectiva, siendo socios: Julian Echeverria Echave, de Aizarnazabal, Jos\u00e9 M\u00aa Olaizola Echave y Pedro Olaizola Echave, de Zumaia, con un 30% de participaci\u00f3n cada uno y Pedro Ignacio Aizpurua Buenechea, tambi\u00e9n de Zumaia con el 10%. El 4 de setiembre de 1903 se modific\u00f3 el n\u00famero de socios con una participaci\u00f3n del 15% en el capital de Mar\u00eda Joaquina Irure Olascoaga, por cesi\u00f3n de algunos de los socios<a id=\"tippy_tip33_8857_anchor\"><\/a> <div class=\"tippy\" data-title=\"34\" data-href=\"https:\/\/www.ziiz.eus\/es\/zementugintza\/olaizola-y-compania\/#foot_text_1014_34\" data-class=\"annie_footnoteRef annie_custom\" data-name=\"foot_loc_1014_34\" data-showheader=\"\" data-anchor=\"#tippy_tip33_8857_anchor\" >GPAH24396<\/div><a class=\"shutterset_\" title=\"Plano del puerto de 1886. Casa y almac\u00e9n de Garchotenea y Compa\u00f1\u00eda. ZAH\" href=\"https:\/\/www.ziiz.eus\/wp-content\/gallery\/olaizola-y-compania\/201209-010.jpg\" data-image-id=\"1248\" data-src=\"https:\/\/www.ziiz.eus\/wp-content\/gallery\/olaizola-y-compania\/201209-010.jpg\" data-thumbnail=\"https:\/\/www.ziiz.eus\/wp-content\/gallery\/olaizola-y-compania\/thumbs\/thumbs_201209-010.jpg\" data-title=\"Garchotenea y Compa\u00f1ia_ plano puerto 1886\" data-description=\"Almac\u00e9n del puerto de la f\u00e1brica de Oikia, a nombre de Garchotenea y Cia. Plano d 1886. ZAH\"><img decoding=\"async\" class=\"ngg-singlepic ngg-left\" src=\"https:\/\/www.ziiz.eus\/wp-content\/gallery\/olaizola-y-compania\/thumbs\/thumbs_201209-010.jpg\" alt=\"Garchotenea y Compa\u00f1ia_ plano puerto 1886\" \/><\/a><\/p>\n<p>El 2 de setiembre de 1905, en sustituci\u00f3n de la anterior sociedad, se crea <i>Olaizola y Compa\u00f1\u00eda,<\/i><em> Sociedad en Comandita<\/em>, ante el notario de Zumaia Francisco Otermin, con los mismos socios<a id=\"tippy_tip34_7869_anchor\"><\/a> <div class=\"tippy\" data-title=\"35\" data-href=\"https:\/\/www.ziiz.eus\/es\/zementugintza\/olaizola-y-compania\/#foot_text_1014_35\" data-class=\"annie_footnoteRef annie_custom\" data-name=\"foot_loc_1014_35\" data-showheader=\"\" data-anchor=\"#tippy_tip34_7869_anchor\" >GPAH24396. Con esta composici\u00f3n: Jos\u00e9 Maria Olaizola Echave, comerciante y Pedro Olaizola Echave, marino, ambos de Zumaia, con el 25% cada uno; Pedro Ignacio Aizpurua Buenechea, confitero, vecino de Zumaia, %10; Julian Echeverria Echave, industrial, \u00a0de Aizarnazabal, con el 25%; \u00a0Mar\u00eda Joaquina Irure Olascoaga, de 22 a\u00f1os, propietaria, vecina de Donostia y esposa de Julian Lojendio Garin, Abogado del Estado, con el 15%.<\/div>, y el mismo capital social de 40.000 pesetas de la sociedad precedente. La direcci\u00f3n y administraci\u00f3n de la sociedad se encomienda exclusivamente a Jos\u00e9 Mar\u00eda Olaizola, que percibir\u00e1 por ello la renta anual de 2.000 pesetas y si hubiere beneficios un sobresueldo del 10% de lo que reste despu\u00e9s de retribuir a los socios con el 5% de su capital. La vigencia de la sociedad es hasta el 30 de junio de 1915, fecha en la que concluir\u00e1 el arriendo de la f\u00e1brica.<a id=\"tippy_tip35_6651_anchor\"><\/a> <div class=\"tippy\" data-title=\"36\" data-href=\"https:\/\/www.ziiz.eus\/es\/zementugintza\/olaizola-y-compania\/#foot_text_1014_36\" data-class=\"annie_footnoteRef annie_custom\" data-name=\"foot_loc_1014_36\" data-showheader=\"\" data-anchor=\"#tippy_tip35_6651_anchor\" >GPAH24396.<i>\u00a0\u201cCada uno de los socios se obliga a contribuir en la proporci\u00f3n a la cuant\u00eda de su participaci\u00f3n en el capital a las responsabilidades que como arrendatario pudieran corresponder a Don Jos\u00e9 Mar\u00eda Olaizola, si no siendo posible a la sociedad seguir produciendo cemento en dicha f\u00e1brica por causas inherentes a la conducci\u00f3n de la piedra desde la cantera de Iba\u00f1arrieta a la carretera general de la Provincia, ya proceda esta imposibilidad de la elevaci\u00f3n del precio actual de quinientas pesetas anuales de canon que se paga a D. Juan Uriarte por la servidumbre del cable a\u00e9reo o ya por la oposici\u00f3n de dicho Se\u00f1or Uriarte a continuar con el pacto de la citada servidumbre tal como existe ahora, hubieran de satisfacer durante los \u00faltimos cinco a\u00f1os el precio de arriendo convenido por el alquiler del edificio en que se halla establecida la fabricaci\u00f3n\u201d.<\/i><\/div><\/p>\n<p>Probablemente, ese a\u00f1o debi\u00f3 terminar su actividad la f\u00e1brica de cemento <i>Oiquina<\/i>, aunque el a\u00f1o 1916, figura todav\u00eda, en la Matr\u00edcula Industrial de Gipuzkoa, as\u00ed como en unas estad\u00edsticas del mismo a\u00f1o con 2.000 toneladas de producci\u00f3n de cemento natural.<a id=\"tippy_tip36_9396_anchor\"><\/a> <div class=\"tippy\" data-title=\"37\" data-href=\"https:\/\/www.ziiz.eus\/es\/zementugintza\/olaizola-y-compania\/#foot_text_1014_37\" data-class=\"annie_footnoteRef annie_custom\" data-name=\"foot_loc_1014_37\" data-showheader=\"\" data-anchor=\"#tippy_tip36_9396_anchor\" >Estad\u00edstica Minera de Espa\u00f1a. A\u00f1o 1916, p\u00e1g. 236.<\/div><\/p>\n<p>Se\u00f1alar, tambi\u00e9n, que en el censo de la contribuci\u00f3n industrial de Zumaia de 1911, consta C\u00e1ndido Orbe y Gayt\u00e1n de Ayala, con un salto de agua, para generaci\u00f3n de \u00a0electricidad, el cual continu\u00f3 con esta actividad tras el cierre de la f\u00e1brica de cemento, constituyendo, el a\u00f1o 1917, junto con Jos\u00e9 Mar\u00eda Olaizola, la sociedad regular colectiva, \u201cElectra de Oiquina\u201d.<a id=\"tippy_tip37_8078_anchor\"><\/a> <div class=\"tippy\" data-title=\"38\" data-href=\"https:\/\/www.ziiz.eus\/es\/zementugintza\/olaizola-y-compania\/#foot_text_1014_38\" data-class=\"annie_footnoteRef annie_custom\" data-name=\"foot_loc_1014_38\" data-showheader=\"\" data-anchor=\"#tippy_tip37_8078_anchor\" >Z.A.H. Sig. 358.05. Desde 1914 hasta al menos 1939, suministr\u00f3 energ\u00eda el\u00e9ctrica para el alumbrado p\u00fablico de Zumaia, aun habi\u00e9ndose suscitado un duro contencioso entre las partes, a partir del a\u00f1o 1930, promovido por el Ayuntamiento, por entender que era excesivo el precio que pagaba, y que concluy\u00f3 con un acuerdo definitivo el a\u00f1o 1943.<\/div><\/p>\n<p><b>Caracter\u00edsticas y producci\u00f3n: <\/b><\/p>\n<p><span style=\"text-decoration: underline;\">La f\u00e1brica<\/span><\/p>\n<p>El solar de la f\u00e1brica, sus tejavanas, hornos y terrenos adyacentes ten\u00eda una superficie de 1.900 m<sup>2<\/sup>. Dichas instalaciones eran tomadas en arriendo al Conde de Villafranca. Al renovar el contrato el a\u00f1o 1890, se fij\u00f3 una renta de 1.500 pesetas anuales, m\u00e1s cinco c\u00e9ntimos de peseta por cada quintal de piedra calcinada que excediera de los 60.000 quintales macho al a\u00f1o, unas 4.428 toneladas.<a id=\"tippy_tip38_7986_anchor\"><\/a> <div class=\"tippy\" data-title=\"39\" data-href=\"https:\/\/www.ziiz.eus\/es\/zementugintza\/olaizola-y-compania\/#foot_text_1014_39\" data-class=\"annie_footnoteRef annie_custom\" data-name=\"foot_loc_1014_39\" data-showheader=\"\" data-anchor=\"#tippy_tip38_7986_anchor\" >\u00a0GPAH 23855<\/div>\u00a0Seg\u00fan el censo municipal del impuesto industrial de los a\u00f1os 1883 y 1884 dispon\u00edan de cuatro hornos y dos piedras.<a id=\"tippy_tip39_6509_anchor\"><\/a> <div class=\"tippy\" data-title=\"40\" data-href=\"https:\/\/www.ziiz.eus\/es\/zementugintza\/olaizola-y-compania\/#foot_text_1014_40\" data-class=\"annie_footnoteRef annie_custom\" data-name=\"foot_loc_1014_40\" data-showheader=\"\" data-anchor=\"#tippy_tip39_6509_anchor\" >\u00a0Z.A.H. Sig. 314.12.<\/div><\/p>\n<p>Tambi\u00e9n disponemos de unos datos anteriores. En una estad\u00edstica industrial, de fecha 30 de agosto de 1862, se apunta que \u201c<i>la fuerza de agua empleada como motriz<\/i>\u201d en la f\u00e1brica del Conde de Villafranca, aportaba una potencia de 20 caballos de vapor, mediante una \u201c<i>paleta curva de 14 pies de di\u00e1metro\u201d (<\/i>se refiere a la rueda hidr\u00e1ulica); el producto elaborado era de 10 quintales por hora; trabajaban 180 d\u00edas al a\u00f1o, con una jornada laboral de 8 horas.<a id=\"tippy_tip40_6829_anchor\"><\/a> <div class=\"tippy\" data-title=\"41\" data-href=\"https:\/\/www.ziiz.eus\/es\/zementugintza\/olaizola-y-compania\/#foot_text_1014_41\" data-class=\"annie_footnoteRef annie_custom\" data-name=\"foot_loc_1014_41\" data-showheader=\"\" data-anchor=\"#tippy_tip40_6829_anchor\" >\u00a0Z.A.H. Sig. 136.04.<\/div><a class=\"shutterset_\" title=\" Hacia la izquierda, el almac\u00e9n del puerto de la f\u00e1brica de Oikia\" href=\"https:\/\/www.ziiz.eus\/wp-content\/gallery\/olaizola-y-compania\/olaizola-y-cia-almacenes-puerto_cedido-por-joxeba-zubiaurre.jpg\" data-image-id=\"1091\" data-src=\"https:\/\/www.ziiz.eus\/wp-content\/gallery\/olaizola-y-compania\/olaizola-y-cia-almacenes-puerto_cedido-por-joxeba-zubiaurre.jpg\" data-thumbnail=\"https:\/\/www.ziiz.eus\/wp-content\/gallery\/olaizola-y-compania\/thumbs\/thumbs_olaizola-y-cia-almacenes-puerto_cedido-por-joxeba-zubiaurre.jpg\" data-title=\"olaizola-y-cia-almacenes-puerto_cedido-por-joxeba-zubiaurre\" data-description=\" \"><img loading=\"lazy\" decoding=\"async\" class=\"ngg-singlepic ngg-center alignright\" style=\"margin: 10px;\" src=\"https:\/\/www.ziiz.eus\/wp-content\/gallery\/olaizola-y-compania\/thumbs\/thumbs_olaizola-y-cia-almacenes-puerto_cedido-por-joxeba-zubiaurre.jpg\" alt=\"olaizola-y-cia-almacenes-puerto_cedido-por-joxeba-zubiaurre\" width=\"200\" height=\"128\" \/><\/a><\/p>\n<p>En un escrito dirigido a Ram\u00f3n de Zavala y Salazar, el 8 de febrero de 1871, por Ram\u00f3n de Berasategui, se menciona la citada rueda, al dar cuenta de que <i>\u201cEl Administrador del Sr. Conde de Villafranca desea tener uno o dos robles en su justo valor para componer la rueda hidr\u00e1ulica de la f\u00e1brica de Cemento que tienen establecida en Oiquina\u201d<\/i><a id=\"tippy_tip41_3976_anchor\"><\/a> <div class=\"tippy\" data-title=\"42\" data-href=\"https:\/\/www.ziiz.eus\/es\/zementugintza\/olaizola-y-compania\/#foot_text_1014_42\" data-class=\"annie_footnoteRef annie_custom\" data-name=\"foot_loc_1014_42\" data-showheader=\"\" data-anchor=\"#tippy_tip41_3976_anchor\" >\u00a0Dokuklik, Badator.\u00a0 Archivo de la Casa de Zavala, Secci\u00f3n de Correspondencia.<\/div><\/p>\n<p>En una revista \u00a0del a\u00f1o 1904, se se\u00f1ala que los edificios ocupaban 1.000 m<sup>2<\/sup>, que inclu\u00edan las secciones de calcinaci\u00f3n y de trituraci\u00f3n o molienda. Y se describe el proceso de fabricaci\u00f3n <i>\u201c(\u2026) hornos verticales de forma ovoide, de 55 m<sup>3<\/sup> de cabida cada uno, destinados a la calcinaci\u00f3n continua de la piedra calizo-arcillosa, en los cuales se deposita una vez triturada y examinada convenientemente. Verificada la calcinaci\u00f3n se procede a su extracci\u00f3n clarificando los fragmentos para la mejor elaboraci\u00f3n del producto, transportando la piedra calcinada a los locales de trituraci\u00f3n y molienda. \u00c9sta se efect\u00faa por medio de molinos verticales, si bien antes de llegar a ellos ha sido sometida la piedra calcinada a la acci\u00f3n de machacadoras mec\u00e1nicas. Una vez triturada y molida la piedra calcinada, pasa a ser tamizada para la obtenci\u00f3n del cemento, volviendo los residuos autom\u00e1ticamente a los molinos\u201d.<\/i><a id=\"tippy_tip42_9698_anchor\"><\/a> <div class=\"tippy\" data-title=\"43\" data-href=\"https:\/\/www.ziiz.eus\/es\/zementugintza\/olaizola-y-compania\/#foot_text_1014_43\" data-class=\"annie_footnoteRef annie_custom\" data-name=\"foot_loc_1014_43\" data-showheader=\"\" data-anchor=\"#tippy_tip42_9698_anchor\" >\u00a0BNE, Revista \u201cLa Constructora Moderna\u201d, Madrid 29 febrero 1904: Gran f\u00e1brica de cemento natural de fraguado r\u00e1pido de los Sres. Olaizola y Compa\u00f1\u00eda, (Oiquina) Zumaya, p\u00e1gs.95-97.<\/div>\u00a0<span style=\"line-height: 1.428571429;\">Seg\u00fan otra informaci\u00f3n del 1908 hab\u00eda seis hornos y dos ruedas de molino verticales, y utilizaban una fuerza hidr\u00e1ulica de 50 CV, siendo la producci\u00f3n anual de 5.000 toneladas de cemento.<\/span><span style=\"line-height: 1.428571429;\"><a id=\"tippy_tip43_3838_anchor\"><\/a> <div class=\"tippy\" data-title=\"44\" data-href=\"https:\/\/www.ziiz.eus\/es\/zementugintza\/olaizola-y-compania\/#foot_text_1014_44\" data-class=\"annie_footnoteRef annie_custom\" data-name=\"foot_loc_1014_44\" data-showheader=\"\" data-anchor=\"#tippy_tip43_3838_anchor\" >Revista \u201cIngenieria\u201d (1908): La industria del cemento en Zumaya.<\/div><\/span><\/p>\n<p><span style=\"text-decoration: underline;\">Cantera y mina<\/span><\/p>\n<p>Utilizaban piedra de la cantera de Iba\u00f1arrieta y carb\u00f3n del monte Ertxina, de la mina San Pelayo, de Aizarna. El a\u00f1o 1866 extrajeron 12.000 quintales, unos 400.000 kilos, de lignito de dicha mina en la que trabajaban 6 obreros.<a id=\"tippy_tip44_4560_anchor\"><\/a> <div class=\"tippy\" data-title=\"45\" data-href=\"https:\/\/www.ziiz.eus\/es\/zementugintza\/olaizola-y-compania\/#foot_text_1014_45\" data-class=\"annie_footnoteRef annie_custom\" data-name=\"foot_loc_1014_45\" data-showheader=\"\" data-anchor=\"#tippy_tip44_4560_anchor\" >\u00a0Estad\u00edstica Minera de Espa\u00f1a. A\u00f1o 1866, p\u00e1g. 87<\/div>\u00a0Contaba con dos v\u00edas a\u00e9reas, una para bajar el lignito de la mina de Aizarna hasta Txiriboga y otra para transportar la piedra desde Iba\u00f1arrieta hasta Bedua.<\/p>\n<p>Seg\u00fan la informaci\u00f3n publicada en un diario donostiarra, el a\u00f1o 1883, \u00a0<i>\u201cEn Oiquina cerca de Zumaya, pronto quedar\u00e1 terminado el ferrocarril a\u00e9reo, a semejanza de las minas de Somorrostro, y que va desde la cantera hasta la f\u00e1brica de cal hidr\u00e1ulica\u201d<\/i>.<a id=\"tippy_tip45_3997_anchor\"><\/a> <div class=\"tippy\" data-title=\"46\" data-href=\"https:\/\/www.ziiz.eus\/es\/zementugintza\/olaizola-y-compania\/#foot_text_1014_46\" data-class=\"annie_footnoteRef annie_custom\" data-name=\"foot_loc_1014_46\" data-showheader=\"\" data-anchor=\"#tippy_tip45_3997_anchor\" >Biblioteca Digital de Donostia, Diario \u201cEl Urumea\u201d 5 de octubre de 1883.<\/div>\u00a0Podr\u00eda interpretarse que se trata de otra l\u00ednea, pero en la escritura de constituci\u00f3n de la sociedad, del a\u00f1o 1890, entre las instalaciones tomadas en arriendo solo se menciona la l\u00ednea que bajaba de Iba\u00f1arrieta a Bedua.<\/p>\n<p><span style=\"text-decoration: underline;\">Transporte y almacenamiento de cemento<\/span><\/p>\n<p>Para facilitar la expedici\u00f3n del cemento por v\u00eda mar\u00edtima, y al igual que otros fabricantes, ten\u00edan un almac\u00e9n en el puerto de Zumaia, en la orilla del rio Arrona, (actualmente Narrondo).<a class=\"shutterset_\" title=\" En el centro, se puede ver la fachada del almac\u00e9n del puerto. Cedido por J. Zubiaurre\" href=\"https:\/\/www.ziiz.eus\/wp-content\/gallery\/olaizola-y-compania\/olaizola-y-cia-erdi-aldean-portuko-biltegiaren-aurrekaldeaw.jpg\" data-image-id=\"1599\" data-src=\"https:\/\/www.ziiz.eus\/wp-content\/gallery\/olaizola-y-compania\/olaizola-y-cia-erdi-aldean-portuko-biltegiaren-aurrekaldeaw.jpg\" data-thumbnail=\"https:\/\/www.ziiz.eus\/wp-content\/gallery\/olaizola-y-compania\/thumbs\/thumbs_olaizola-y-cia-erdi-aldean-portuko-biltegiaren-aurrekaldeaw.jpg\" data-title=\"olaizola-y-cia-erdi-aldean-portuko-biltegiaren-aurrekaldeaw\" data-description=\" \"><img loading=\"lazy\" decoding=\"async\" class=\"ngg-singlepic ngg-none alignleft\" style=\"margin: 10px;\" src=\"https:\/\/www.ziiz.eus\/wp-content\/gallery\/olaizola-y-compania\/thumbs\/thumbs_olaizola-y-cia-erdi-aldean-portuko-biltegiaren-aurrekaldeaw.jpg\" alt=\"olaizola-y-cia-erdi-aldean-portuko-biltegiaren-aurrekaldeaw\" width=\"198\" height=\"140\" \/><\/a> Dicho almac\u00e9n, ya exist\u00eda para el a\u00f1o 1871, seg\u00fan se deduce de un escrito de la Diputaci\u00f3n en respuesta a otro que Sebasti\u00e1n Garchotenea, en representaci\u00f3n de la f\u00e1brica de Oiquina, dirigi\u00f3 a la entidad foral en relaci\u00f3n con la construcci\u00f3n de un muro frente al mismo.<a id=\"tippy_tip46_9816_anchor\"><\/a> <div class=\"tippy\" data-title=\"47\" data-href=\"https:\/\/www.ziiz.eus\/es\/zementugintza\/olaizola-y-compania\/#foot_text_1014_47\" data-class=\"annie_footnoteRef annie_custom\" data-name=\"foot_loc_1014_47\" data-showheader=\"\" data-anchor=\"#tippy_tip46_9816_anchor\" >Z.A.H. Sig. 62.06<\/div><\/p>\n<p>Es de destacar que encima del almac\u00e9n del puerto, ten\u00edan un taller de barriler\u00eda en una finca propiedad de la sociedad <i>Pedro Olave y Compa\u00f1\u00eda<\/i> y en la que ten\u00edan otros edificios para cuya construcci\u00f3n contaron con una aportaci\u00f3n econ\u00f3mica de Leonor Gayt\u00e1n de Ayala y Jusu\u00e9, propietaria de la f\u00e1brica de Oikia.<a id=\"tippy_tip47_3420_anchor\"><\/a> <div class=\"tippy\" data-title=\"48\" data-href=\"https:\/\/www.ziiz.eus\/es\/zementugintza\/olaizola-y-compania\/#foot_text_1014_48\" data-class=\"annie_footnoteRef annie_custom\" data-name=\"foot_loc_1014_48\" data-showheader=\"\" data-anchor=\"#tippy_tip47_3420_anchor\" >GPAH24362. La finca, de 1.045 m2\u00a0de superficie, estaba situada entre el rio Narrondo y la calle \u201cde la Rivera\u201d y limitaba por el poniente con la Plazuela p\u00fablica de la villa. Por la parte que lindaba con dicha calle estaba la casa llamada \u201cLa Fonda\u201d (posteriormente \u201cFonda de Urdangarin\u201d y m\u00e1s tarde \u201cHotel Zumaya\u201d) que constaba de planta baja y cuatro pisos. Por la parte trasera de dicha casa, hacia el rio Narrondo, hab\u00eda un edificio de tres cuerpos, de una extensi\u00f3n de 563 m2; en los dos de la parte oriental, en la planta baja se hallaban \u201cun gran almac\u00e9n y una cuadra extensa\u201d y en la segunda planta \u201cdos departamentos de talleres de construcci\u00f3n de barriler\u00eda para transporte de cemento\u201d; el tercer cuerpo de la parte poniental, que daba a la Plazuela, \u201cse halla destinado a habitaci\u00f3n\u201d.<\/div>\u00a0El 29 de octubre de 1900, mediante escritura otorgada ante el notario de Zumaia, Francisco Otermin, la finca pas\u00f3 a manos de Graci\u00e1n Alberdi al cederle su participaci\u00f3n el resto de socios.<\/p>\n<p>Despu\u00e9s de muchos a\u00f1os de realizar el transporte del cemento hasta el puerto mediante carros, y con el fin de reducir costes, obtuvieron la autorizaci\u00f3n, por Real orden del 22 de marzo de 1902, para habilitar el punto de \u201cUrea\u201d,<a class=\"shutterset_\" title=\" Lugar de Oikia, denominado Urea o Uraun, para la carga de gabarras, para transportar cemento al puerto. Cedido por J. Carballo\" href=\"https:\/\/www.ziiz.eus\/wp-content\/gallery\/olaizola-y-compania\/olaizola-y-cia-almacen-en-urea-o-uraun_entre-bedua-y-oikia_foto-1960-aprox.jpg\" data-image-id=\"1090\" data-src=\"https:\/\/www.ziiz.eus\/wp-content\/gallery\/olaizola-y-compania\/olaizola-y-cia-almacen-en-urea-o-uraun_entre-bedua-y-oikia_foto-1960-aprox.jpg\" data-thumbnail=\"https:\/\/www.ziiz.eus\/wp-content\/gallery\/olaizola-y-compania\/thumbs\/thumbs_olaizola-y-cia-almacen-en-urea-o-uraun_entre-bedua-y-oikia_foto-1960-aprox.jpg\" data-title=\"olaizola-y-cia-almacen-en-urea-o-uraun_entre-bedua-y-oikia_foto-1960-aprox\" data-description=\" \"><img loading=\"lazy\" decoding=\"async\" class=\"ngg-singlepic ngg-center alignright\" style=\"margin: 10px;\" src=\"https:\/\/www.ziiz.eus\/wp-content\/gallery\/olaizola-y-compania\/thumbs\/thumbs_olaizola-y-cia-almacen-en-urea-o-uraun_entre-bedua-y-oikia_foto-1960-aprox.jpg\" alt=\"olaizola-y-cia-almacen-en-urea-o-uraun_entre-bedua-y-oikia_foto-1960-aprox\" width=\"163\" height=\"150\" \/><\/a> (conocido como Uraun) en el rio Urola, distante tres kil\u00f3metros de la Aduana de Zumaia, para el embarque en gabarras del cemento procedente de la f\u00e1brica con destino al puerto.<a id=\"tippy_tip48_3487_anchor\"><\/a> <div class=\"tippy\" data-title=\"49\" data-href=\"https:\/\/www.ziiz.eus\/es\/zementugintza\/olaizola-y-compania\/#foot_text_1014_49\" data-class=\"annie_footnoteRef annie_custom\" data-name=\"foot_loc_1014_49\" data-showheader=\"\" data-anchor=\"#tippy_tip48_3487_anchor\" >Gaceta de Madrid, 4 de abril 1902.\u00a0<i>\u201c(..) entendi\u00e9ndose que las operaciones\u00a0<\/i>(de carga<i>) se intervendr\u00e1n por la Aduana de Zumaya, y ser\u00e1n vigiladas por la fuerza del Resguardo dependiente de aqu\u00e9lla Aduana; quedando los interesados en la obligaci\u00f3n de levantar en el punto que se habilita una caseta para albergue de los Carabineros.\u201d<\/i><\/div>\u00a0Es de subrayar, tambi\u00e9n, que el a\u00f1o 1890 poseian el patache \u201cSan Pedro\u201d, que ser\u00eda empleado para transportar cemento por v\u00eda mar\u00edtima.<\/p>\n<p>El 11 de julio de 1862 firmaron una <i>\u201cescritura de contrata y fianza otorgada por D. Domingo Valdepe\u00f1as y D.Luis Pereira, como apoderados del Excmo. Conde de Villafranca de Gayt\u00e1n, para el suministro en el Arsenal de Cartagena de cuarenta mil quintales de cemento de Zumaya o Iraeta\u201d,<\/i> que fue aceptada por el Director de Contabilidad de la Marina. Y diez meses m\u00e1s tarde, el 10 de marzo de 1863, se formaliz\u00f3 otra escritura similar, actuando esta vez D. Domingo Valdepe\u00f1as, como apoderado de D. Graci\u00e1n de Celaya, para el suministro de otros veinte mil quintales con el mismo destino.<a id=\"tippy_tip49_5105_anchor\"><\/a> <div class=\"tippy\" data-title=\"50\" data-href=\"https:\/\/www.ziiz.eus\/es\/zementugintza\/olaizola-y-compania\/#foot_text_1014_50\" data-class=\"annie_footnoteRef annie_custom\" data-name=\"foot_loc_1014_50\" data-showheader=\"\" data-anchor=\"#tippy_tip49_5105_anchor\" >Archivo del Conde de Villafranca de Gayt\u00e1n.<\/div><\/p>\n<p>Es de mencionar, tambi\u00e9n, que<i> <\/i>la f\u00e1brica de Oikia suministr\u00f3 cemento para la <i>\u00a0<\/i>construcci\u00f3n del puente de Deba, entre los a\u00f1os 1863 y 1866, pues<i> Sebastian Garchotorena y Compa\u00f1\u00eda<a class=\"shutterset_\" title=\" En la parte superior, un anuncio del cemento Marca Oiquina. A\u00f1o 1910, diario ABC\" href=\"https:\/\/www.ziiz.eus\/wp-content\/gallery\/olaizola-y-compania\/olaizola-y-cia-1910_anuncio-oiquina_-en-abc_1.jpg\" data-image-id=\"1052\" data-src=\"https:\/\/www.ziiz.eus\/wp-content\/gallery\/olaizola-y-compania\/olaizola-y-cia-1910_anuncio-oiquina_-en-abc_1.jpg\" data-thumbnail=\"https:\/\/www.ziiz.eus\/wp-content\/gallery\/olaizola-y-compania\/thumbs\/thumbs_olaizola-y-cia-1910_anuncio-oiquina_-en-abc_1.jpg\" data-title=\"olaizola-y-cia-1910_anuncio-oiquina_-en-abc_1\" data-description=\" \"><img loading=\"lazy\" decoding=\"async\" class=\"ngg-singlepic ngg-center alignleft\" style=\"margin: 10px;\" src=\"https:\/\/www.ziiz.eus\/wp-content\/gallery\/olaizola-y-compania\/thumbs\/thumbs_olaizola-y-cia-1910_anuncio-oiquina_-en-abc_1.jpg\" alt=\"olaizola-y-cia-1910_anuncio-oiquina_-en-abc_1\" width=\"109\" height=\"150\" \/><\/a><\/i> figura entre los proveedores de cal hidr\u00e1ulica para dicha obra.<a id=\"tippy_tip50_5259_anchor\"><\/a> <div class=\"tippy\" data-title=\"51\" data-href=\"https:\/\/www.ziiz.eus\/es\/zementugintza\/olaizola-y-compania\/#foot_text_1014_51\" data-class=\"annie_footnoteRef annie_custom\" data-name=\"foot_loc_1014_51\" data-showheader=\"\" data-anchor=\"#tippy_tip50_5259_anchor\" >Aldabaldetrecu, Patxi (2001). \u201cEl Puente de Deba\u201d, Revista Deba, n\u00ba 49<\/div><\/p>\n<p>Esta f\u00e1brica fue miembro de las sociedades creadas por los fabricantes de cemento conocido como Zumaya, tanto en 1883 y 1888, como en 1915.<a id=\"tippy_tip51_6938_anchor\"><\/a> <div class=\"tippy\" data-title=\"52\" data-href=\"https:\/\/www.ziiz.eus\/es\/zementugintza\/olaizola-y-compania\/#foot_text_1014_52\" data-class=\"annie_footnoteRef annie_custom\" data-name=\"foot_loc_1014_52\" data-showheader=\"\" data-anchor=\"#tippy_tip51_6938_anchor\" >BNE, Revista \u201cLa Construcci\u00f3n Moderna\u201d, 15 de marzo de 1915, p\u00e1g. 38.<\/div>\u00a0Adem\u00e1s, fue objeto de diferentes distinciones y ostent\u00f3 el t\u00edtulo de \u201c<i>Proveedora de los Gobiernos Espa\u00f1ol y Franc\u00e9s, de los Ferrocarriles, de los Ingenieros, de la Marina y de las grandes Administraciones<\/i>\u201d.<a id=\"tippy_tip52_4838_anchor\"><\/a> <div class=\"tippy\" data-title=\"53\" data-href=\"https:\/\/www.ziiz.eus\/es\/zementugintza\/olaizola-y-compania\/#foot_text_1014_53\" data-class=\"annie_footnoteRef annie_custom\" data-name=\"foot_loc_1014_53\" data-showheader=\"\" data-anchor=\"#tippy_tip52_4838_anchor\" >BNE,\u00a0 Revista \u201cLa Constructora Moderna\u201d, Madrid 29 febrero 1904: Gran f\u00e1brica de cemento natural de fraguado r\u00e1pido de los Sres. Olaizola y Compa\u00f1\u00eda, (Oiquina) Zumaya, p\u00e1gs. 95-97<\/div><\/p>\n<p>Para diferenciar en el mercado el cemento producido, utilizaban la marca comercial \u201cOiquina\u201d. As\u00ed, el a\u00f1o 1910 se puede ver en el diario ABC un anuncio del <i>\u201cCal y cemento de Zumaya &#8211; Marca Oiquina\u201d<\/i>.<a id=\"tippy_tip53_2337_anchor\"><\/a> <div class=\"tippy\" data-title=\"54\" data-href=\"https:\/\/www.ziiz.eus\/es\/zementugintza\/olaizola-y-compania\/#foot_text_1014_54\" data-class=\"annie_footnoteRef annie_custom\" data-name=\"foot_loc_1014_54\" data-showheader=\"\" data-anchor=\"#tippy_tip53_2337_anchor\" >Diario \u201cABC\u201d del 27 de diciembre de 1910.<\/div><\/p>\n<div>\n<div><\/div>\n<div><\/div>\n<div><\/div>\n<div>\n<p><a title=\"\" href=\"file:\/\/\/C:\/Users\/PMEtxabe\/Documents\/ZIIZ\/ZIIZ-Zentroa\/Web%20gunea\/Testuak\/ZIO%20Gazteleraz\/OLAIZOLA%20Y%20CIA-cas.doc#_ednref26\">\u00a0<\/a><\/p>\n<\/div>\n<\/div>\n<p><\/p>","protected":false},"excerpt":{"rendered":"<p>Resumen: Los or\u00edgenes de esta f\u00e1brica de cementos, de Oikia, se situan entre 1850 y 1855, en la antigua ferrer\u00eda de Igartza, propiedad del Conde de Villafranca. Garchotenea y Compa\u00f1\u00eda, Pedro Olave y Compa\u00f1\u00eda, y Olaizola y Compa\u00f1\u00eda, fueron las principales sociedades que explotaron la f\u00e1brica a lo largo de sus sesenta a\u00f1os de existencia. [&hellip;]<\/p>\n","protected":false},"author":2,"featured_media":2406,"comment_status":"closed","ping_status":"open","sticky":false,"template":"","format":"standard","meta":{"_monsterinsights_skip_tracking":false,"_monsterinsights_sitenote_active":false,"_monsterinsights_sitenote_note":"","_monsterinsights_sitenote_category":0,"ngg_post_thumbnail":0,"footnotes":""},"categories":[4],"tags":[],"_links":{"self":[{"href":"https:\/\/www.ziiz.eus\/es\/wp-json\/wp\/v2\/posts\/1014"}],"collection":[{"href":"https:\/\/www.ziiz.eus\/es\/wp-json\/wp\/v2\/posts"}],"about":[{"href":"https:\/\/www.ziiz.eus\/es\/wp-json\/wp\/v2\/types\/post"}],"author":[{"embeddable":true,"href":"https:\/\/www.ziiz.eus\/es\/wp-json\/wp\/v2\/users\/2"}],"replies":[{"embeddable":true,"href":"https:\/\/www.ziiz.eus\/es\/wp-json\/wp\/v2\/comments?post=1014"}],"version-history":[{"count":152,"href":"https:\/\/www.ziiz.eus\/es\/wp-json\/wp\/v2\/posts\/1014\/revisions"}],"predecessor-version":[{"id":5799,"href":"https:\/\/www.ziiz.eus\/es\/wp-json\/wp\/v2\/posts\/1014\/revisions\/5799"}],"wp:featuredmedia":[{"embeddable":true,"href":"https:\/\/www.ziiz.eus\/es\/wp-json\/wp\/v2\/media\/2406"}],"wp:attachment":[{"href":"https:\/\/www.ziiz.eus\/es\/wp-json\/wp\/v2\/media?parent=1014"}],"wp:term":[{"taxonomy":"category","embeddable":true,"href":"https:\/\/www.ziiz.eus\/es\/wp-json\/wp\/v2\/categories?post=1014"},{"taxonomy":"post_tag","embeddable":true,"href":"https:\/\/www.ziiz.eus\/es\/wp-json\/wp\/v2\/tags?post=1014"}],"curies":[{"name":"wp","href":"https:\/\/api.w.org\/{rel}","templated":true}]}}